{"id":99,"date":"2014-05-14T15:29:50","date_gmt":"2014-05-14T13:29:50","guid":{"rendered":"http:\/\/amelie.patenkinder-matara.de\/?p=99"},"modified":"2014-05-14T15:29:50","modified_gmt":"2014-05-14T13:29:50","slug":"bilder-des-spielplatzes","status":"publish","type":"post","link":"https:\/\/amelie.patenkinder-matara.de\/?p=99","title":{"rendered":"Bilder des Spielplatzes"},"content":{"rendered":"<p><a href=\"http:\/\/amelie.patenkinder-matara.de\/wp-content\/uploads\/2014\/05\/image.jpg\"><img loading=\"lazy\" decoding=\"async\" class=\"alignnone size-medium wp-image-100\" alt=\"image\" src=\"http:\/\/amelie.patenkinder-matara.de\/wp-content\/uploads\/2014\/05\/image-300x224.jpg\" width=\"300\" height=\"224\" srcset=\"https:\/\/amelie.patenkinder-matara.de\/wp-content\/uploads\/2014\/05\/image-300x224.jpg 300w, https:\/\/amelie.patenkinder-matara.de\/wp-content\/uploads\/2014\/05\/image-1024x764.jpg 1024w\" sizes=\"auto, (max-width: 300px) 100vw, 300px\" \/><a href=\"http:\/\/amelie.patenkinder-matara.de\/wp-content\/uploads\/2014\/05\/image1.jpg\"><img loading=\"lazy\" decoding=\"async\" class=\"alignnone size-medium wp-image-101\" alt=\"image\" src=\"http:\/\/amelie.patenkinder-matara.de\/wp-content\/uploads\/2014\/05\/image1-300x224.jpg\" width=\"300\" height=\"224\" srcset=\"https:\/\/amelie.patenkinder-matara.de\/wp-content\/uploads\/2014\/05\/image1-300x224.jpg 300w, https:\/\/amelie.patenkinder-matara.de\/wp-content\/uploads\/2014\/05\/image1-1024x764.jpg 1024w\" sizes=\"auto, (max-width: 300px) 100vw, 300px\" \/><\/a>S<\/a>o sieht der Spielplatz jetzt aus \ud83d\ude42 Bilder des Wesak folgen demn\u00e4chst. Die Pakete mit den Spielsachen m\u00fcssten demn\u00e4chst auch ankommen. Hoffentlich noch wenn ich hier bin. Die Kinder sind schon ganz aufgeregt aber wir m\u00fcssen leider noch bis Freitag warten bis der Zement getrocknet ist.<\/p>\n<p>ganz liebe Gr\u00fc\u00dfe<\/p>\n<p>Amelie<\/p>\n<p>&nbsp;<\/p>\n","protected":false},"excerpt":{"rendered":"<p>So sieht der Spielplatz jetzt aus \ud83d\ude42 Bilder des Wesak folgen demn\u00e4chst. Die Pakete mit den Spielsachen m\u00fcssten demn\u00e4chst auch ankommen. Hoffentlich noch wenn ich hier bin. Die Kinder sind schon ganz aufgeregt aber wir m\u00fcssen leider noch bis Freitag &hellip; <a href=\"https:\/\/amelie.patenkinder-matara.de\/?p=99\">Weiterlesen <span class=\"meta-nav\">&rarr;<\/span><\/a><\/p>\n","protected":false},"author":2,"featured_media":0,"comment_status":"open","ping_status":"open","sticky":false,"template":"","format":"standard","meta":{"footnotes":""},"categories":[1],"tags":[],"class_list":["post-99","post","type-post","status-publish","format-standard","hentry","category-allgemein"],"_links":{"self":[{"href":"https:\/\/amelie.patenkinder-matara.de\/index.php?rest_route=\/wp\/v2\/posts\/99","targetHints":{"allow":["GET"]}}],"collection":[{"href":"https:\/\/amelie.patenkinder-matara.de\/index.php?rest_route=\/wp\/v2\/posts"}],"about":[{"href":"https:\/\/amelie.patenkinder-matara.de\/index.php?rest_route=\/wp\/v2\/types\/post"}],"author":[{"embeddable":true,"href":"https:\/\/amelie.patenkinder-matara.de\/index.php?rest_route=\/wp\/v2\/users\/2"}],"replies":[{"embeddable":true,"href":"https:\/\/amelie.patenkinder-matara.de\/index.php?rest_route=%2Fwp%2Fv2%2Fcomments&post=99"}],"version-history":[{"count":1,"href":"https:\/\/amelie.patenkinder-matara.de\/index.php?rest_route=\/wp\/v2\/posts\/99\/revisions"}],"predecessor-version":[{"id":102,"href":"https:\/\/amelie.patenkinder-matara.de\/index.php?rest_route=\/wp\/v2\/posts\/99\/revisions\/102"}],"wp:attachment":[{"href":"https:\/\/amelie.patenkinder-matara.de\/index.php?rest_route=%2Fwp%2Fv2%2Fmedia&parent=99"}],"wp:term":[{"taxonomy":"category","embeddable":true,"href":"https:\/\/amelie.patenkinder-matara.de\/index.php?rest_route=%2Fwp%2Fv2%2Fcategories&post=99"},{"taxonomy":"post_tag","embeddable":true,"href":"https:\/\/amelie.patenkinder-matara.de\/index.php?rest_route=%2Fwp%2Fv2%2Ftags&post=99"}],"curies":[{"name":"wp","href":"https:\/\/api.w.org\/{rel}","templated":true}]}}