{"id":64,"date":"2014-04-18T06:37:21","date_gmt":"2014-04-18T04:37:21","guid":{"rendered":"http:\/\/amelie.patenkinder-matara.de\/?p=64"},"modified":"2014-04-18T06:37:21","modified_gmt":"2014-04-18T04:37:21","slug":"new-years-festival","status":"publish","type":"post","link":"https:\/\/amelie.patenkinder-matara.de\/?p=64","title":{"rendered":"New Years festival"},"content":{"rendered":"<p>Ayobowan,<\/p>\n<p>Am 13-14.04 findet in Sri Lanka eines der gr\u00f6\u00dften Feste statt, das New Year Festival. Es ist zu vergleichen mit Silvester bei uns in Deutschland nur das es sich nach dem Mondkalender richtet. Die Wochen davor sind alle in einkauf und saubermach Modus. Heute war das New Year Festival des Kindergartens. Hierbei sind alle bunt gekleidet und die Kinder bestreiten mehrer Wettk\u00e4mpfe gegeneinander. Beispielsweise Wettrennen, Malen und Seilziehen. Es war super s\u00fc\u00df anzuschauen wie sie das getan haben. Nachdem sie die Spiele absolviert hatten, gab es eine kurze Pause in der sie die Kinder in verschiedene Verkleidungen gesteckt haben um das traditionelle Milch aufkochen zu zelebrieren. Hierbei wird ein kleines Lagerfeuer angez\u00fcndet auf welchem sie im traditionellen Tontopf Milch zum kochen bringen. Danach gab es dann s\u00fc\u00dfes Geb\u00e4ck f\u00fcr alle an einer gro\u00dfen Tafel. Zur Feier des Tages bekam jedes Kind ein Geschenk. Es ist immer wieder sch\u00f6n zu sehen wenn die Kinder so ausgelassen sein k\u00f6nnen. Zur Feier des Tages trugen wir alle Saris.<\/p>\n<p><a href=\"http:\/\/amelie.patenkinder-matara.de\/wp-content\/uploads\/2014\/04\/IMG_2109.jpg\"><img loading=\"lazy\" decoding=\"async\" alt=\"Seilziehen\" src=\"http:\/\/amelie.patenkinder-matara.de\/wp-content\/uploads\/2014\/04\/IMG_2109-225x300.jpg\" width=\"225\" height=\"300\" \/><\/a>\u00a0\u00a0<img decoding=\"async\" alt=\"Luftballon platzen lassen\" src=\"http:\/\/amelie.patenkinder-matara.de\/wp-content\/uploads\/2014\/04\/IMG_2101-300x225.jpg\" \/><\/p>\n<p><img decoding=\"async\" alt=\"Kinder in Verkleidungen\" src=\"http:\/\/amelie.patenkinder-matara.de\/wp-content\/uploads\/2014\/04\/IMG_2121-300x225.jpg\" \/>\u00a0 \u00a0<img decoding=\"async\" alt=\"von l. nach r. Needeka (B\u00fcro), Chamali (Erzieherin), Ich,Mrs Kanti (B\u00fcro), 2 advanced Level Sch\u00fclerinnen und Helferinnen des Children Centers\" src=\"http:\/\/amelie.patenkinder-matara.de\/wp-content\/uploads\/2014\/04\/IMG_2133-300x225.jpg\" \/><\/p>\n<p>Die Frauen im Sari von l. nach r.<br \/>\nNeedeka (B\u00fcro), Chamali (Erzieherin), Ich,Mrs Kanti (B\u00fcro), 2 advanced Level Sch\u00fclerinnen und Helferinnen des Children Centers<\/p>\n<p>Ich verbringe meine Feiertage bei Mrs Rathna der Englischlehrerin und ihrer Familie. Am 14.04 dem ersten Tag des neuen Jahres durfte bis um 10.17 Uhr nichts getan werden, kein Essen, kein putzen, kein W\u00e4sche waschen. Die Elektrischen Ger\u00e4te und Feuer mussten aus sein. Um 10.17Uhr wird per Lagerfeuer die Milch erhitzt und viele B\u00f6ller gez\u00fcndet. Nachdem erhitzen der Milch wird Milchreis gekocht. Diesen muss die Herrin des Hauses dann per Hand verteilen und die ersten Bissen verf\u00fcttern. An den darauf folgenden Tagen blieb das Children Center geschlossen. Ein weiterer Brauch ist das sich die Verwanden und Bekannten gegenseitig besuchen und kleine Geschenke mitbringen. Es gibt Neujahres Kuchen, Tee, Kekse und vieles mehr. Ich war in den darauffolgenden Tagen schwer besch\u00e4ftigt, da mich 2 Mitarbeiterinnen des Children Centers zu sich eingeladen hatten und die Familie von Mrs Rathna eine \u00a0Ausflug mit mir geplant hatte. Im unteren Bild sieht man ein paar der \u00e4lteren Patenkinder. Zwei davon studieren einer Tiermedizin und der andere Agrarwissenschaft, der andere ist auf Jobsuche und einer besucht eine Privatschule zur Weiterbildung im Finanzgesch\u00e4ft. Es ist immer wieder beeindruckend wie gastfreundlich die Familien und Menschen hier sind und das obwohl sie doch teilweise in sehr \u00e4rmlichen Verh\u00e4ltnissen Leben. Sie k\u00fcmmern sich hier alle sehr r\u00fchrend um mich und sind sehr dankbar f\u00fcr alles was sie erhalten.<\/p>\n<p><a href=\"http:\/\/amelie.patenkinder-matara.de\/wp-content\/uploads\/2014\/04\/IMG_2207.jpg\"><img loading=\"lazy\" decoding=\"async\" class=\"alignnone size-medium wp-image-76\" alt=\"Mrs Rathna+ family\" src=\"http:\/\/amelie.patenkinder-matara.de\/wp-content\/uploads\/2014\/04\/IMG_2207-300x225.jpg\" width=\"300\" height=\"225\" srcset=\"https:\/\/amelie.patenkinder-matara.de\/wp-content\/uploads\/2014\/04\/IMG_2207-300x225.jpg 300w, https:\/\/amelie.patenkinder-matara.de\/wp-content\/uploads\/2014\/04\/IMG_2207-1024x768.jpg 1024w\" sizes=\"auto, (max-width: 300px) 100vw, 300px\" \/><\/a>\u00a0\u00a0<a href=\"http:\/\/amelie.patenkinder-matara.de\/wp-content\/uploads\/2014\/04\/IMG_2199.jpg\"><img loading=\"lazy\" decoding=\"async\" class=\"alignnone size-medium wp-image-77\" alt=\"Wunderkerzen\" src=\"http:\/\/amelie.patenkinder-matara.de\/wp-content\/uploads\/2014\/04\/IMG_2199-300x225.jpg\" width=\"300\" height=\"225\" srcset=\"https:\/\/amelie.patenkinder-matara.de\/wp-content\/uploads\/2014\/04\/IMG_2199-300x225.jpg 300w, https:\/\/amelie.patenkinder-matara.de\/wp-content\/uploads\/2014\/04\/IMG_2199-1024x768.jpg 1024w\" sizes=\"auto, (max-width: 300px) 100vw, 300px\" \/><\/a><a href=\"http:\/\/amelie.patenkinder-matara.de\/wp-content\/uploads\/2014\/04\/IMG_2228.jpg\"><img loading=\"lazy\" decoding=\"async\" class=\"alignnone size-medium wp-image-78\" alt=\"Advanced Level Sch\u00fcler\" src=\"http:\/\/amelie.patenkinder-matara.de\/wp-content\/uploads\/2014\/04\/IMG_2228-300x225.jpg\" width=\"300\" height=\"225\" srcset=\"https:\/\/amelie.patenkinder-matara.de\/wp-content\/uploads\/2014\/04\/IMG_2228-300x225.jpg 300w, https:\/\/amelie.patenkinder-matara.de\/wp-content\/uploads\/2014\/04\/IMG_2228-1024x768.jpg 1024w\" sizes=\"auto, (max-width: 300px) 100vw, 300px\" \/><\/a><\/p>\n<p>Frau Monika M\u00f6\u00dfner hat an ihrem Geburtstag spenden gesammelt und widmet diese dem Spielplatz der zum Children Center geh\u00f6rt und sich in keinem guten Zustand befindet. Wir haben bereits eine Firma gefunden die sich um Reparaturen von Spielpl\u00e4tzen k\u00fcmmert und neue Spielplatzger\u00e4te verkauft. Nachdem New Years Festival werden wir uns mit ihnen in Kontakt setzen und den Spielplatz in Angriff nehmen.<\/p>\n<p>In diesem Sinne ein versp\u00e4tetes Oba Samata Suba Aluth Avuruddak Weva (fr\u00f6hliches neues Jahr)<\/p>\n<p>Amelie<\/p>\n<dl class=\"wp-caption alignnone\" id=\"attachment_75\" style=\"width: 310px;\">\n<dt class=\"wp-caption-dt\"><\/dt>\n<\/dl>\n","protected":false},"excerpt":{"rendered":"<p>Ayobowan, Am 13-14.04 findet in Sri Lanka eines der gr\u00f6\u00dften Feste statt, das New Year Festival. Es ist zu vergleichen mit Silvester bei uns in Deutschland nur das es sich nach dem Mondkalender richtet. Die Wochen davor sind alle in &hellip; <a href=\"https:\/\/amelie.patenkinder-matara.de\/?p=64\">Weiterlesen <span class=\"meta-nav\">&rarr;<\/span><\/a><\/p>\n","protected":false},"author":2,"featured_media":0,"comment_status":"open","ping_status":"open","sticky":false,"template":"","format":"standard","meta":{"footnotes":""},"categories":[1],"tags":[],"class_list":["post-64","post","type-post","status-publish","format-standard","hentry","category-allgemein"],"_links":{"self":[{"href":"https:\/\/amelie.patenkinder-matara.de\/index.php?rest_route=\/wp\/v2\/posts\/64","targetHints":{"allow":["GET"]}}],"collection":[{"href":"https:\/\/amelie.patenkinder-matara.de\/index.php?rest_route=\/wp\/v2\/posts"}],"about":[{"href":"https:\/\/amelie.patenkinder-matara.de\/index.php?rest_route=\/wp\/v2\/types\/post"}],"author":[{"embeddable":true,"href":"https:\/\/amelie.patenkinder-matara.de\/index.php?rest_route=\/wp\/v2\/users\/2"}],"replies":[{"embeddable":true,"href":"https:\/\/amelie.patenkinder-matara.de\/index.php?rest_route=%2Fwp%2Fv2%2Fcomments&post=64"}],"version-history":[{"count":5,"href":"https:\/\/amelie.patenkinder-matara.de\/index.php?rest_route=\/wp\/v2\/posts\/64\/revisions"}],"predecessor-version":[{"id":80,"href":"https:\/\/amelie.patenkinder-matara.de\/index.php?rest_route=\/wp\/v2\/posts\/64\/revisions\/80"}],"wp:attachment":[{"href":"https:\/\/amelie.patenkinder-matara.de\/index.php?rest_route=%2Fwp%2Fv2%2Fmedia&parent=64"}],"wp:term":[{"taxonomy":"category","embeddable":true,"href":"https:\/\/amelie.patenkinder-matara.de\/index.php?rest_route=%2Fwp%2Fv2%2Fcategories&post=64"},{"taxonomy":"post_tag","embeddable":true,"href":"https:\/\/amelie.patenkinder-matara.de\/index.php?rest_route=%2Fwp%2Fv2%2Ftags&post=64"}],"curies":[{"name":"wp","href":"https:\/\/api.w.org\/{rel}","templated":true}]}}