{"id":31,"date":"2014-03-17T12:52:49","date_gmt":"2014-03-17T11:52:49","guid":{"rendered":"http:\/\/amelie.patenkinder-matara.de\/?p=31"},"modified":"2014-03-17T12:52:49","modified_gmt":"2014-03-17T11:52:49","slug":"woche-drei","status":"publish","type":"post","link":"https:\/\/amelie.patenkinder-matara.de\/?p=31","title":{"rendered":"Woche drei"},"content":{"rendered":"<p>Hallo zusammen,<\/p>\n<p>Meine dritte Woche in diesem fernen Land hat nun begonnen und der erste Tag neigt sich schon dem Ende. Am Samstag haben Jonas und ich den kompletten Tag unterrichtet. Zuerst haben wir bei der Englischlehrerin mit geholfen und danach hatten wir 2 Klassen auf einmal um sie zu unterrichten. Nadeeka die Sekret\u00e4rin hatte das so arrangiert, da viele der Kinder unter der Woche keine Zeit finden, um ins Children Center zu kommen. Der Unterricht mit ca 40 Kindern stellte sich als erschwert dar. Die Kinder waren eine Klasse auseinander und dies war anhand ihrer verschiedenen Englisch Level leicht zu merken. Wir spielten Spiele mit ihnen, wie beispielsweise jeder muss zum Buchstaben A ein Wort sagen das mit A anf\u00e4ngt, wenn man keines wei\u00df oder ein bereits genanntes Wort verwendet muss man sich hinsetzen und ist aus dem Spiel raus. Das kann sehr lustig werden mit 40 Kindern. Nach mehreren anfragen der Jugendlichen und Mitarbeitern des Children Centers werde ich diesem Mittwoch anfangen deutsch Unterricht zu geben, ich bin doch mal gespannt wie das so wird. Wir hatten auch eine Klasse dieses Schuljahr mit Englisch angefangen hat. Dies stellte sich als fast unl\u00f6sbare Aufgabe heraus, da sie mich kaum verstehen konnten und ich sie leider auch nicht. Nach einer Weile kam eines der M\u00e4dchen dazu welches auf einen Studienplatz wartete und \u00fcbersetzte f\u00fcr uns, sodass wir doch noch Erfolge verzeichnen konnten. Das Unterrichten macht mir sehr viel Spa\u00df die Kinder trauen sich zwar noch nicht wirklich laut zu reden und tuen sich schwer damit aneinander h\u00e4ngende S\u00e4tze hervor zu bringen aber sie tauen langsam auf. Ich denke was es f\u00fcr beide Seiten schwer macht ist das die Kinder Englisch von Sri Lankanern lernen. Da Singhal die Muttersprache der Sir Lankaner eine komplett anderen Klang hat und eher weich und singend ist h\u00f6rt sich das Englisch der Sir Lankaner anders an. \u00a0Man muss sich also an ihre Betonungen gew\u00f6hnen um sie besser verstehen zu k\u00f6nnen. Es macht super viel Spa\u00df, da sich alle bem\u00fchen es mir hier so sch\u00f6n wie m\u00f6glich zu machen. Die Gastfreundlichkeit in Sri Lanka ist beeindruckend. An was man sich allerdings gew\u00f6hnen muss ist die Sch\u00e4rfe des Essens :-).<\/p>\n<p>Letzte Woche haben wir noch einen Ausflug auf die Elefantenranch gemacht und in den Haupttempel in Kandy sowie einen Abstecher in das Bergland von Sri Lanka es war wundersch\u00f6n. Es waren sch\u00f6ne Ausfl\u00fcge und ein geb\u00fchrender Abschied bevor Jonas am Sonntag heimgeflogen ist.<\/p>\n<p><img decoding=\"async\" alt=\"IMG_1931\" src=\"http:\/\/amelie.patenkinder-matara.de\/wp-content\/uploads\/2014\/03\/IMG_1931-300x225.jpg\" \/><\/p>\n<p><img decoding=\"async\" alt=\"Tempel\" src=\"http:\/\/amelie.patenkinder-matara.de\/wp-content\/uploads\/2014\/03\/IMG_1880-300x225.jpg\" \/><\/p>\n<p><img decoding=\"async\" alt=\"Baby Elefant\" src=\"http:\/\/amelie.patenkinder-matara.de\/wp-content\/uploads\/2014\/03\/IMG_1859-300x225.jpg\" \/><\/p>\n<p>Heute war ich das erste mal im Kindergarten. Es ist ein Kindergarten mit eingegliederter Vorschule. Ich wei\u00df nicht wirklich was ich von den R\u00e4umlichkeiten halten soll. Der Kindergarten ist zwar in den Geb\u00e4uden des Children Centers wird aber durch andere Mittel finanziert. Es ist ein sehr gro\u00dfer Raum in dem in der Mitte Tische und St\u00fchle stehen an denen die Kinder die meiste Zeit sitzen m\u00fcssen. Entweder sie basteln etwas oder singen ein paar Lieder. In dem Raum befinden sich ansonsten nur eine kleine Garderobe ein Fernseher und St\u00fchle und Tische die nicht gebraucht werden. Die Kinder sind zwischen 3-6 Jahre alt. Da sie sich (zumindest heute) kaum bewegt haben werden sie schnell w\u00fctend und hippelig. Gegen Schluss haben wir noch etwas Ball gespielt mit einem Plastikball, dieser ist wirklich aus hartem Plastik und tut weh wenn man ihn doof f\u00e4ngt. Ich f\u00e4nde es wirklich sch\u00f6n wenn wir vielleicht ein paar kleine Spielsachen spenden k\u00f6nnten einfach Puzzle, Bilderb\u00fccher, Stifte, Mal Sachen und Baukl\u00f6tze. Wenn ich an meine Kindergarten zeit zur\u00fcck denke, erinner ich mich an die Bauecke, Leseecke, Malecke, ein Spielhaus einfach Dinge mit denen ein Kind spielen kann. Ich f\u00e4nde es also wirklich sch\u00f6n wenn ein paar Spenden zusammen kommen w\u00fcrden und wir diesen Kindern einen Platz gestalten k\u00f6nnen in dem sie Kinder sein d\u00fcrfen.<\/p>\n<p>haltet die Ohren steif<\/p>\n<p>Amelie<\/p>\n<p>&nbsp;<\/p>\n","protected":false},"excerpt":{"rendered":"<p>Hallo zusammen, Meine dritte Woche in diesem fernen Land hat nun begonnen und der erste Tag neigt sich schon dem Ende. Am Samstag haben Jonas und ich den kompletten Tag unterrichtet. Zuerst haben wir bei der Englischlehrerin mit geholfen und &hellip; <a href=\"https:\/\/amelie.patenkinder-matara.de\/?p=31\">Weiterlesen <span class=\"meta-nav\">&rarr;<\/span><\/a><\/p>\n","protected":false},"author":2,"featured_media":0,"comment_status":"open","ping_status":"open","sticky":false,"template":"","format":"standard","meta":{"footnotes":""},"categories":[1],"tags":[],"class_list":["post-31","post","type-post","status-publish","format-standard","hentry","category-allgemein"],"_links":{"self":[{"href":"https:\/\/amelie.patenkinder-matara.de\/index.php?rest_route=\/wp\/v2\/posts\/31","targetHints":{"allow":["GET"]}}],"collection":[{"href":"https:\/\/amelie.patenkinder-matara.de\/index.php?rest_route=\/wp\/v2\/posts"}],"about":[{"href":"https:\/\/amelie.patenkinder-matara.de\/index.php?rest_route=\/wp\/v2\/types\/post"}],"author":[{"embeddable":true,"href":"https:\/\/amelie.patenkinder-matara.de\/index.php?rest_route=\/wp\/v2\/users\/2"}],"replies":[{"embeddable":true,"href":"https:\/\/amelie.patenkinder-matara.de\/index.php?rest_route=%2Fwp%2Fv2%2Fcomments&post=31"}],"version-history":[{"count":2,"href":"https:\/\/amelie.patenkinder-matara.de\/index.php?rest_route=\/wp\/v2\/posts\/31\/revisions"}],"predecessor-version":[{"id":37,"href":"https:\/\/amelie.patenkinder-matara.de\/index.php?rest_route=\/wp\/v2\/posts\/31\/revisions\/37"}],"wp:attachment":[{"href":"https:\/\/amelie.patenkinder-matara.de\/index.php?rest_route=%2Fwp%2Fv2%2Fmedia&parent=31"}],"wp:term":[{"taxonomy":"category","embeddable":true,"href":"https:\/\/amelie.patenkinder-matara.de\/index.php?rest_route=%2Fwp%2Fv2%2Fcategories&post=31"},{"taxonomy":"post_tag","embeddable":true,"href":"https:\/\/amelie.patenkinder-matara.de\/index.php?rest_route=%2Fwp%2Fv2%2Ftags&post=31"}],"curies":[{"name":"wp","href":"https:\/\/api.w.org\/{rel}","templated":true}]}}