{"id":115,"date":"2014-05-27T08:08:19","date_gmt":"2014-05-27T06:08:19","guid":{"rendered":"http:\/\/amelie.patenkinder-matara.de\/?p=115"},"modified":"2014-05-27T08:08:19","modified_gmt":"2014-05-27T06:08:19","slug":"goodbye","status":"publish","type":"post","link":"https:\/\/amelie.patenkinder-matara.de\/?p=115","title":{"rendered":"Goodbye"},"content":{"rendered":"<p>Mein Letzter Tag,<\/p>\n<p>Beeindruckend wie schnell die Zeit rennt und wie z\u00fcgig drei Monate vergehen. Heute ist mein letzter Tag hier im Karlsruher Children Center. Morgen verlasse ich Sri Lanka. Nach meiner gro\u00dfen Abschiedszeremonie am Samstag mit den Schulkindern war heute der Kindergarten an der Reihe. Zur Feier meines Abschiedes \u00fcbergab ich auch gleich die Pakete mit den Spielsachen. Die Kinder haben sich so gefreut, sie haben sich auf die Spielsachen gest\u00fcrzt und erst mal alles eingesammelt was sie erreichen konnten.<\/p>\n<p><a href=\"http:\/\/amelie.patenkinder-matara.de\/wp-content\/uploads\/2014\/05\/IMG_2771.jpg\"><img loading=\"lazy\" decoding=\"async\" class=\"alignnone size-medium wp-image-116\" alt=\"Spielsachen\" src=\"http:\/\/amelie.patenkinder-matara.de\/wp-content\/uploads\/2014\/05\/IMG_2771-300x225.jpg\" width=\"300\" height=\"225\" srcset=\"https:\/\/amelie.patenkinder-matara.de\/wp-content\/uploads\/2014\/05\/IMG_2771-300x225.jpg 300w, https:\/\/amelie.patenkinder-matara.de\/wp-content\/uploads\/2014\/05\/IMG_2771-1024x768.jpg 1024w\" sizes=\"auto, (max-width: 300px) 100vw, 300px\" \/><\/a><a href=\"http:\/\/amelie.patenkinder-matara.de\/wp-content\/uploads\/2014\/05\/IMG_2747.jpg\"><img loading=\"lazy\" decoding=\"async\" class=\"alignnone size-medium wp-image-117\" alt=\"\u00dcbergabe an die Erzieherinnen\" src=\"http:\/\/amelie.patenkinder-matara.de\/wp-content\/uploads\/2014\/05\/IMG_2747-300x225.jpg\" width=\"300\" height=\"225\" srcset=\"https:\/\/amelie.patenkinder-matara.de\/wp-content\/uploads\/2014\/05\/IMG_2747-300x225.jpg 300w, https:\/\/amelie.patenkinder-matara.de\/wp-content\/uploads\/2014\/05\/IMG_2747-1024x768.jpg 1024w\" sizes=\"auto, (max-width: 300px) 100vw, 300px\" \/><\/a><\/p>\n<p>&nbsp;<\/p>\n<p><a href=\"http:\/\/amelie.patenkinder-matara.de\/wp-content\/uploads\/2014\/05\/IMG_2798.jpg\"><img loading=\"lazy\" decoding=\"async\" class=\"alignnone size-medium wp-image-118\" alt=\"fasziniert von der Spieluhr\" src=\"http:\/\/amelie.patenkinder-matara.de\/wp-content\/uploads\/2014\/05\/IMG_2798-300x225.jpg\" width=\"300\" height=\"225\" srcset=\"https:\/\/amelie.patenkinder-matara.de\/wp-content\/uploads\/2014\/05\/IMG_2798-300x225.jpg 300w, https:\/\/amelie.patenkinder-matara.de\/wp-content\/uploads\/2014\/05\/IMG_2798-1024x768.jpg 1024w\" sizes=\"auto, (max-width: 300px) 100vw, 300px\" \/><\/a><a href=\"http:\/\/amelie.patenkinder-matara.de\/wp-content\/uploads\/2014\/05\/IMG_2781.jpg\"><img loading=\"lazy\" decoding=\"async\" class=\"alignnone size-medium wp-image-119\" alt=\"IMG_2781\" src=\"http:\/\/amelie.patenkinder-matara.de\/wp-content\/uploads\/2014\/05\/IMG_2781-300x225.jpg\" width=\"300\" height=\"225\" srcset=\"https:\/\/amelie.patenkinder-matara.de\/wp-content\/uploads\/2014\/05\/IMG_2781-300x225.jpg 300w, https:\/\/amelie.patenkinder-matara.de\/wp-content\/uploads\/2014\/05\/IMG_2781-1024x768.jpg 1024w\" sizes=\"auto, (max-width: 300px) 100vw, 300px\" \/><\/a><\/p>\n<p>&nbsp;<\/p>\n<p>An der Abschiedsfeier am Samstag waren leider nur an die 30 Kinder da. Leider wurde kurzfristig ein regul\u00e4rer Schultag am Samstag angesetzt um die freien Tage f\u00fcr das Wesak Festival wieder aufzuholen. Ich habe mich dennoch \u00fcber jedes Kind gefreut das hier war.<\/p>\n<p><a href=\"http:\/\/amelie.patenkinder-matara.de\/wp-content\/uploads\/2014\/05\/IMG_2707.jpg\"><img loading=\"lazy\" decoding=\"async\" class=\"alignnone size-medium wp-image-120\" alt=\"Tanz und Gesangsauf\u00fchrung\" src=\"http:\/\/amelie.patenkinder-matara.de\/wp-content\/uploads\/2014\/05\/IMG_2707-300x225.jpg\" width=\"300\" height=\"225\" srcset=\"https:\/\/amelie.patenkinder-matara.de\/wp-content\/uploads\/2014\/05\/IMG_2707-300x225.jpg 300w, https:\/\/amelie.patenkinder-matara.de\/wp-content\/uploads\/2014\/05\/IMG_2707-1024x768.jpg 1024w\" sizes=\"auto, (max-width: 300px) 100vw, 300px\" \/><\/a>\u00a0 \u00a0\u00a0<a href=\"http:\/\/amelie.patenkinder-matara.de\/wp-content\/uploads\/2014\/05\/IMG_2701.jpg\"><img loading=\"lazy\" decoding=\"async\" class=\"alignnone size-medium wp-image-121\" alt=\"Patenkinder\" src=\"http:\/\/amelie.patenkinder-matara.de\/wp-content\/uploads\/2014\/05\/IMG_2701-300x225.jpg\" width=\"300\" height=\"225\" srcset=\"https:\/\/amelie.patenkinder-matara.de\/wp-content\/uploads\/2014\/05\/IMG_2701-300x225.jpg 300w, https:\/\/amelie.patenkinder-matara.de\/wp-content\/uploads\/2014\/05\/IMG_2701-1024x768.jpg 1024w\" sizes=\"auto, (max-width: 300px) 100vw, 300px\" \/><\/a><\/p>\n<p><a href=\"http:\/\/amelie.patenkinder-matara.de\/wp-content\/uploads\/2014\/05\/IMG_2714.jpg\"><img loading=\"lazy\" decoding=\"async\" class=\"alignnone size-medium wp-image-123\" alt=\"Eine Rede\" src=\"http:\/\/amelie.patenkinder-matara.de\/wp-content\/uploads\/2014\/05\/IMG_2714-300x225.jpg\" width=\"300\" height=\"225\" srcset=\"https:\/\/amelie.patenkinder-matara.de\/wp-content\/uploads\/2014\/05\/IMG_2714-300x225.jpg 300w, https:\/\/amelie.patenkinder-matara.de\/wp-content\/uploads\/2014\/05\/IMG_2714-1024x768.jpg 1024w\" sizes=\"auto, (max-width: 300px) 100vw, 300px\" \/><\/a><\/p>\n<p>&nbsp;<\/p>\n<p>Auch der Spielplatz wird genutzt und die Kinder sind gl\u00fccklich.<\/p>\n<p><a href=\"http:\/\/amelie.patenkinder-matara.de\/wp-content\/uploads\/2014\/05\/IMG_2480.jpg\"><img loading=\"lazy\" decoding=\"async\" class=\"alignnone size-medium wp-image-124\" alt=\"IMG_2480\" src=\"http:\/\/amelie.patenkinder-matara.de\/wp-content\/uploads\/2014\/05\/IMG_2480-300x225.jpg\" width=\"300\" height=\"225\" srcset=\"https:\/\/amelie.patenkinder-matara.de\/wp-content\/uploads\/2014\/05\/IMG_2480-300x225.jpg 300w, https:\/\/amelie.patenkinder-matara.de\/wp-content\/uploads\/2014\/05\/IMG_2480-1024x768.jpg 1024w\" sizes=\"auto, (max-width: 300px) 100vw, 300px\" \/><\/a><\/p>\n<p>&nbsp;<\/p>\n<p>Ich m\u00f6chte mich bei allen bedanken die mich hierbei unterst\u00fctzt und gespendet haben ohne Euer zu tun w\u00e4ren diese wunderbaren Erneuerungen und Geschenke nicht m\u00f6glich gewesen. Ich w\u00fcnsche Euch allen eine gute Zeit.<\/p>\n<p>Liebe Gr\u00fc\u00dfe<\/p>\n<p>Amelie<\/p>\n","protected":false},"excerpt":{"rendered":"<p>Mein Letzter Tag, Beeindruckend wie schnell die Zeit rennt und wie z\u00fcgig drei Monate vergehen. Heute ist mein letzter Tag hier im Karlsruher Children Center. Morgen verlasse ich Sri Lanka. Nach meiner gro\u00dfen Abschiedszeremonie am Samstag mit den Schulkindern war &hellip; <a href=\"https:\/\/amelie.patenkinder-matara.de\/?p=115\">Weiterlesen <span class=\"meta-nav\">&rarr;<\/span><\/a><\/p>\n","protected":false},"author":2,"featured_media":0,"comment_status":"open","ping_status":"open","sticky":false,"template":"","format":"standard","meta":{"footnotes":""},"categories":[1],"tags":[],"class_list":["post-115","post","type-post","status-publish","format-standard","hentry","category-allgemein"],"_links":{"self":[{"href":"https:\/\/amelie.patenkinder-matara.de\/index.php?rest_route=\/wp\/v2\/posts\/115","targetHints":{"allow":["GET"]}}],"collection":[{"href":"https:\/\/amelie.patenkinder-matara.de\/index.php?rest_route=\/wp\/v2\/posts"}],"about":[{"href":"https:\/\/amelie.patenkinder-matara.de\/index.php?rest_route=\/wp\/v2\/types\/post"}],"author":[{"embeddable":true,"href":"https:\/\/amelie.patenkinder-matara.de\/index.php?rest_route=\/wp\/v2\/users\/2"}],"replies":[{"embeddable":true,"href":"https:\/\/amelie.patenkinder-matara.de\/index.php?rest_route=%2Fwp%2Fv2%2Fcomments&post=115"}],"version-history":[{"count":3,"href":"https:\/\/amelie.patenkinder-matara.de\/index.php?rest_route=\/wp\/v2\/posts\/115\/revisions"}],"predecessor-version":[{"id":126,"href":"https:\/\/amelie.patenkinder-matara.de\/index.php?rest_route=\/wp\/v2\/posts\/115\/revisions\/126"}],"wp:attachment":[{"href":"https:\/\/amelie.patenkinder-matara.de\/index.php?rest_route=%2Fwp%2Fv2%2Fmedia&parent=115"}],"wp:term":[{"taxonomy":"category","embeddable":true,"href":"https:\/\/amelie.patenkinder-matara.de\/index.php?rest_route=%2Fwp%2Fv2%2Fcategories&post=115"},{"taxonomy":"post_tag","embeddable":true,"href":"https:\/\/amelie.patenkinder-matara.de\/index.php?rest_route=%2Fwp%2Fv2%2Ftags&post=115"}],"curies":[{"name":"wp","href":"https:\/\/api.w.org\/{rel}","templated":true}]}}